{"id":15053,"date":"2019-11-05T11:46:19","date_gmt":"2019-11-05T09:46:19","guid":{"rendered":"https:\/\/vlo.edu.pl\/starsze-aktualnosci\/?p=15053"},"modified":"2019-11-12T12:20:15","modified_gmt":"2019-11-12T10:20:15","slug":"uczniowie-vlo-wsrod-stypendystow-m-st-warszawy-sapere-auso","status":"publish","type":"post","link":"https:\/\/vlo.edu.pl\/starsze-aktualnosci\/2019\/11\/05\/uczniowie-vlo-wsrod-stypendystow-m-st-warszawy-sapere-auso\/","title":{"rendered":"Uczniowie VLO  w\u015br\u00f3d stypendyst\u00f3w m.st. Warszawy SAPERE AUSO"},"content":{"rendered":"<p>30 pa\u017adziernika 2019 roku w Teatrze Wsp\u00f3\u0142czesnym w Warszawie odby\u0142a si\u0119 gala stypendyst\u00f3w m.st. Warszawy SAPERE AUSO.<br \/>\nUroczysto\u015b\u0107 by\u0142a podsumowaniem dwunastej edycji projektu stypendialnego,&nbsp; kt\u00f3rego celem jest wspieranie szczeg\u00f3lnie uzdolnionych&nbsp; uczni\u00f3w warszawskich szk\u00f3\u0142 ponadpodstawowych. Stypendia te s\u0105 przyznawane&nbsp; uczniom uzyskuj\u0105cym wyr\u00f3\u017cniaj\u0105ce osi\u0105gni\u0119cia&nbsp; naukowe, tw\u00f3rcze lub spo\u0142eczne w poprzedzaj\u0105cym gal\u0119 roku szkolnym. W\u015br\u00f3d&nbsp; &nbsp;stypendyst\u00f3w m.st. Warszawy SAPERE AUSO za rok szkolny 2018\/2019 znale\u017ali si\u0119 nast\u0119puj\u0105cy uczniowie V LO im. Ks. J. Poniatowskiego w Warszawie:<\/p>\n<ul>\n<li>za osi\u0105gni\u0119cia w nauce&nbsp; w szko\u0142ach ponadgimnazjalnych &#8211; Kamil Petryczkiewicz z kl. 2C i Jeremi Sobierski z kl. 3C,<\/li>\n<li>za osi\u0105gni\u0119cia w nauce w trzecich klasach dotychczasowych gimnazj\u00f3w i r\u00f3wnoleg\u0142ych \u00f3smych klasach szk\u00f3\u0142 podstawowych &#8211; Aleksander Jaros z klasy 1B_g,&nbsp; Kaja Srokosz z kl. 1C_g, Ma\u0142gorzata Zwierzchowska, Filip Koz\u0142owski z kl. 1D_g oraz Justyna Strejczek z kl. 1C.<\/li>\n<\/ul>\n<p>Serdecznie gratulujemy stypendystom&nbsp; i \u017cyczymy dalszych sukces\u00f3w !<\/p>\n<p>&nbsp;<\/p>\n<p><a href=\"https:\/\/vlo.edu.pl\/starsze-aktualnosci\/wp-content\/uploads\/2019\/11\/gala.jpg\"><img loading=\"lazy\" decoding=\"async\" class=\"aligncenter size-large wp-image-15054\" src=\"https:\/\/vlo.edu.pl\/starsze-aktualnosci\/wp-content\/uploads\/2019\/11\/gala-1024x768.jpg\" alt=\"\" width=\"720\" height=\"540\" srcset=\"https:\/\/vlo.edu.pl\/starsze-aktualnosci\/wp-content\/uploads\/2019\/11\/gala-1024x768.jpg 1024w, https:\/\/vlo.edu.pl\/starsze-aktualnosci\/wp-content\/uploads\/2019\/11\/gala-300x225.jpg 300w, https:\/\/vlo.edu.pl\/starsze-aktualnosci\/wp-content\/uploads\/2019\/11\/gala-768x576.jpg 768w\" sizes=\"auto, (max-width: 720px) 100vw, 720px\" \/><\/a><\/p>\n<p><a href=\"https:\/\/vlo.edu.pl\/starsze-aktualnosci\/wp-content\/uploads\/2019\/11\/Gala_2.jpg\"><img loading=\"lazy\" decoding=\"async\" class=\"aligncenter size-large wp-image-15055\" src=\"https:\/\/vlo.edu.pl\/starsze-aktualnosci\/wp-content\/uploads\/2019\/11\/Gala_2-1024x768.jpg\" alt=\"\" width=\"720\" height=\"540\" srcset=\"https:\/\/vlo.edu.pl\/starsze-aktualnosci\/wp-content\/uploads\/2019\/11\/Gala_2-1024x768.jpg 1024w, https:\/\/vlo.edu.pl\/starsze-aktualnosci\/wp-content\/uploads\/2019\/11\/Gala_2-300x225.jpg 300w, https:\/\/vlo.edu.pl\/starsze-aktualnosci\/wp-content\/uploads\/2019\/11\/Gala_2-768x576.jpg 768w\" sizes=\"auto, (max-width: 720px) 100vw, 720px\" \/><\/a><\/p>\n","protected":false},"excerpt":{"rendered":"<p>30 pa\u017adziernika 2019 roku w Teatrze Wsp\u00f3\u0142czesnym w Warszawie odby\u0142a si\u0119 gala stypendyst\u00f3w m.st. Warszawy SAPERE AUSO. Uroczysto\u015b\u0107 by\u0142a podsumowaniem dwunastej edycji projektu stypendialnego,&nbsp; kt\u00f3rego celem jest wspieranie szczeg\u00f3lnie uzdolnionych&nbsp; uczni\u00f3w warszawskich szk\u00f3\u0142 ponadpodstawowych. Stypendia te s\u0105 przyznawane&nbsp; uczniom uzyskuj\u0105cym wyr\u00f3\u017cniaj\u0105ce osi\u0105gni\u0119cia&nbsp; naukowe, tw\u00f3rcze lub spo\u0142eczne w poprzedzaj\u0105cym gal\u0119 roku szkolnym. W\u015br\u00f3d&nbsp; &nbsp;stypendyst\u00f3w m.st. Warszawy [&hellip;]<\/p>\n","protected":false},"author":3,"featured_media":0,"comment_status":"closed","ping_status":"closed","sticky":false,"template":"","format":"standard","meta":{"inline_featured_image":false,"ngg_post_thumbnail":0,"footnotes":""},"categories":[8],"tags":[],"class_list":["post-15053","post","type-post","status-publish","format-standard","hentry","category-wydarzenia"],"_links":{"self":[{"href":"https:\/\/vlo.edu.pl\/starsze-aktualnosci\/wp-json\/wp\/v2\/posts\/15053","targetHints":{"allow":["GET"]}}],"collection":[{"href":"https:\/\/vlo.edu.pl\/starsze-aktualnosci\/wp-json\/wp\/v2\/posts"}],"about":[{"href":"https:\/\/vlo.edu.pl\/starsze-aktualnosci\/wp-json\/wp\/v2\/types\/post"}],"author":[{"embeddable":true,"href":"https:\/\/vlo.edu.pl\/starsze-aktualnosci\/wp-json\/wp\/v2\/users\/3"}],"replies":[{"embeddable":true,"href":"https:\/\/vlo.edu.pl\/starsze-aktualnosci\/wp-json\/wp\/v2\/comments?post=15053"}],"version-history":[{"count":2,"href":"https:\/\/vlo.edu.pl\/starsze-aktualnosci\/wp-json\/wp\/v2\/posts\/15053\/revisions"}],"predecessor-version":[{"id":15058,"href":"https:\/\/vlo.edu.pl\/starsze-aktualnosci\/wp-json\/wp\/v2\/posts\/15053\/revisions\/15058"}],"wp:attachment":[{"href":"https:\/\/vlo.edu.pl\/starsze-aktualnosci\/wp-json\/wp\/v2\/media?parent=15053"}],"wp:term":[{"taxonomy":"category","embeddable":true,"href":"https:\/\/vlo.edu.pl\/starsze-aktualnosci\/wp-json\/wp\/v2\/categories?post=15053"},{"taxonomy":"post_tag","embeddable":true,"href":"https:\/\/vlo.edu.pl\/starsze-aktualnosci\/wp-json\/wp\/v2\/tags?post=15053"}],"curies":[{"name":"wp","href":"https:\/\/api.w.org\/{rel}","templated":true}]}}