{"id":16653,"date":"2021-06-11T10:29:18","date_gmt":"2021-06-11T08:29:18","guid":{"rendered":"https:\/\/vlo.edu.pl\/starsze-aktualnosci\/?p=16653"},"modified":"2021-06-11T10:39:36","modified_gmt":"2021-06-11T08:39:36","slug":"biblioteka-zaprasza-na-wystawe-kanon-literacki-poniatowki","status":"publish","type":"post","link":"https:\/\/vlo.edu.pl\/starsze-aktualnosci\/2021\/06\/11\/biblioteka-zaprasza-na-wystawe-kanon-literacki-poniatowki\/","title":{"rendered":"Biblioteka zaprasza na wystaw\u0119 &#8220;Kanon Literacki Poniat\u00f3wki&#8221;"},"content":{"rendered":"\n<p>Biblioteka Poniat\u00f3wki zapraszamy na wystaw\u0119 ksi\u0105\u017cek od 9 czerwca do 15 czerwca 2021 roku w hallu szko\u0142y, gdzie mo\u017cna zapozna\u0107 si\u0119 z Kanonem Literacki Poniat\u00f3wki. Zach\u0119camy tak\u017ce do wzi\u0119cia udzia\u0142u w tworzeniu nowej wersji kanonu w ramach konkursu &#8220;Dorzu\u0107 do kanonu&#8221;. Biblioteka Poniat\u00f3wki pragnie stworzy\u0107 now\u0105 edycj\u0119 tego kanonu, kt\u00f3ra b\u0119dzie odpowiada\u0142a wsp\u00f3\u0142czesnym potrzebom czytelniczym.<\/p>\n\n\n\n<figure class=\"wp-block-image size-large is-resized\"><a href=\"https:\/\/vlo.edu.pl\/starsze-aktualnosci\/wp-content\/uploads\/2021\/06\/Kanon-literacki.jpg\"><img loading=\"lazy\" decoding=\"async\" src=\"https:\/\/vlo.edu.pl\/starsze-aktualnosci\/wp-content\/uploads\/2021\/06\/Kanon-literacki-1024x466.jpg\" alt=\"\" class=\"wp-image-16663\" width=\"787\" height=\"358\" srcset=\"https:\/\/vlo.edu.pl\/starsze-aktualnosci\/wp-content\/uploads\/2021\/06\/Kanon-literacki-1024x466.jpg 1024w, https:\/\/vlo.edu.pl\/starsze-aktualnosci\/wp-content\/uploads\/2021\/06\/Kanon-literacki-300x137.jpg 300w, https:\/\/vlo.edu.pl\/starsze-aktualnosci\/wp-content\/uploads\/2021\/06\/Kanon-literacki-768x350.jpg 768w, https:\/\/vlo.edu.pl\/starsze-aktualnosci\/wp-content\/uploads\/2021\/06\/Kanon-literacki-1536x699.jpg 1536w, https:\/\/vlo.edu.pl\/starsze-aktualnosci\/wp-content\/uploads\/2021\/06\/Kanon-literacki.jpg 1848w\" sizes=\"auto, (max-width: 787px) 100vw, 787px\" \/><\/a><\/figure>\n","protected":false},"excerpt":{"rendered":"<p>Biblioteka Poniat\u00f3wki zapraszamy na wystaw\u0119 ksi\u0105\u017cek od 9 czerwca do 15 czerwca 2021 roku w hallu szko\u0142y, gdzie mo\u017cna zapozna\u0107 si\u0119 z Kanonem Literacki Poniat\u00f3wki. Zach\u0119camy tak\u017ce do wzi\u0119cia udzia\u0142u w tworzeniu nowej wersji kanonu w ramach konkursu &#8220;Dorzu\u0107 do kanonu&#8221;. Biblioteka Poniat\u00f3wki pragnie stworzy\u0107 now\u0105 edycj\u0119 tego kanonu, kt\u00f3ra b\u0119dzie odpowiada\u0142a wsp\u00f3\u0142czesnym potrzebom czytelniczym.<\/p>\n","protected":false},"author":3,"featured_media":0,"comment_status":"closed","ping_status":"closed","sticky":false,"template":"","format":"standard","meta":{"inline_featured_image":false,"ngg_post_thumbnail":0,"footnotes":""},"categories":[8],"tags":[],"class_list":["post-16653","post","type-post","status-publish","format-standard","hentry","category-wydarzenia"],"_links":{"self":[{"href":"https:\/\/vlo.edu.pl\/starsze-aktualnosci\/wp-json\/wp\/v2\/posts\/16653","targetHints":{"allow":["GET"]}}],"collection":[{"href":"https:\/\/vlo.edu.pl\/starsze-aktualnosci\/wp-json\/wp\/v2\/posts"}],"about":[{"href":"https:\/\/vlo.edu.pl\/starsze-aktualnosci\/wp-json\/wp\/v2\/types\/post"}],"author":[{"embeddable":true,"href":"https:\/\/vlo.edu.pl\/starsze-aktualnosci\/wp-json\/wp\/v2\/users\/3"}],"replies":[{"embeddable":true,"href":"https:\/\/vlo.edu.pl\/starsze-aktualnosci\/wp-json\/wp\/v2\/comments?post=16653"}],"version-history":[{"count":5,"href":"https:\/\/vlo.edu.pl\/starsze-aktualnosci\/wp-json\/wp\/v2\/posts\/16653\/revisions"}],"predecessor-version":[{"id":16665,"href":"https:\/\/vlo.edu.pl\/starsze-aktualnosci\/wp-json\/wp\/v2\/posts\/16653\/revisions\/16665"}],"wp:attachment":[{"href":"https:\/\/vlo.edu.pl\/starsze-aktualnosci\/wp-json\/wp\/v2\/media?parent=16653"}],"wp:term":[{"taxonomy":"category","embeddable":true,"href":"https:\/\/vlo.edu.pl\/starsze-aktualnosci\/wp-json\/wp\/v2\/categories?post=16653"},{"taxonomy":"post_tag","embeddable":true,"href":"https:\/\/vlo.edu.pl\/starsze-aktualnosci\/wp-json\/wp\/v2\/tags?post=16653"}],"curies":[{"name":"wp","href":"https:\/\/api.w.org\/{rel}","templated":true}]}}