{"id":16666,"date":"2021-06-13T16:16:44","date_gmt":"2021-06-13T14:16:44","guid":{"rendered":"https:\/\/vlo.edu.pl\/starsze-aktualnosci\/?p=16666"},"modified":"2021-06-13T18:23:58","modified_gmt":"2021-06-13T16:23:58","slug":"w-wieku-99-lat-odszedl-profesor-witold-kiezun-absolwent-poniatowki","status":"publish","type":"post","link":"https:\/\/vlo.edu.pl\/starsze-aktualnosci\/2021\/06\/13\/w-wieku-99-lat-odszedl-profesor-witold-kiezun-absolwent-poniatowki\/","title":{"rendered":"W wieku 99 lat odszed\u0142 Profesor Witold Kie\u017cun, absolwent Poniat\u00f3wki"},"content":{"rendered":"\n<figure class=\"wp-block-image size-large\"><a href=\"https:\/\/vlo.edu.pl\/starsze-aktualnosci\/wp-content\/uploads\/2021\/06\/Kiezun.jpg\"><img loading=\"lazy\" decoding=\"async\" width=\"1024\" height=\"974\" src=\"https:\/\/vlo.edu.pl\/starsze-aktualnosci\/wp-content\/uploads\/2021\/06\/Kiezun-1024x974.jpg\" alt=\"\" class=\"wp-image-16670\" srcset=\"https:\/\/vlo.edu.pl\/starsze-aktualnosci\/wp-content\/uploads\/2021\/06\/Kiezun-1024x974.jpg 1024w, https:\/\/vlo.edu.pl\/starsze-aktualnosci\/wp-content\/uploads\/2021\/06\/Kiezun-300x285.jpg 300w, https:\/\/vlo.edu.pl\/starsze-aktualnosci\/wp-content\/uploads\/2021\/06\/Kiezun-768x731.jpg 768w, https:\/\/vlo.edu.pl\/starsze-aktualnosci\/wp-content\/uploads\/2021\/06\/Kiezun.jpg 1074w\" sizes=\"auto, (max-width: 1024px) 100vw, 1024px\" \/><\/a><\/figure>\n\n\n\n<p>13 czerwca 2021 roku w wieku 99 lat odszed\u0142 prof. Witold Kie\u017cun, wybitny ekonomista, \u017co\u0142nierz AK, uczestnik Powstania Warszawskiego, jeden z najwybitniejszych absolwent\u00f3w V Liceum Ksi\u0119cia J\u00f3zefa Poniatowskiego w Warszawie, w kt\u00f3rym w 1939 roku zda\u0142 matur\u0119. W czasie okupacji uko\u0144czy\u0142 studia w Szkole Budowy Maszyn i Elektrotechniki, uzyska\u0142 dyplom in\u017cyniera budowy maszyn, studiowa\u0142 tak\u017ce na Wydziale Prawa Tajnego Uniwersytetu Warszawskiego. Wzi\u0105\u0142 udzia\u0142 w Powstaniu Warszawskim w stopniu kaprala podchor\u0105\u017cego (ps. \u201eWypad\u201d). S\u0142u\u017cy\u0142 w oddziale do zada\u0144 specjalnych \u201eHarna\u015b\u201d w batalionie \u201eGustaw\u201d, uczestniczy\u0142 m.in. w akcji zdobycia Poczty G\u0142\u00f3wnej (plac Napoleona, dzi\u015b Powsta\u0144c\u00f3w Warszawy) oraz Komendy Policji i parafialnego domu ko\u015bcio\u0142a \u015awi\u0119tego Krzy\u017ca przy Krakowskim Przedmie\u015bciu. W 1945 zosta\u0142 zes\u0142any do \u0142agru. Do kraju powr\u00f3ci\u0142 na mocy amnestii\u00a0w 1946 roku. Rozpocz\u0105\u0142 studia prawnicze na Wydziale Prawa Uniwersytetu Jagiello\u0144skiego, kt\u00f3re uko\u0144czy\u0142 w 1949, w\u00f3wczas wst\u0105pi\u0142 te\u017c do Stronnictwa Demokratycznego i rozpocz\u0105\u0142 prac\u0119 w Narodowym Banku Polskim. W 1964 doktoryzowa\u0142 si\u0119 w Szkole G\u0142\u00f3wnej Planowania i Statystyki, habilitacj\u0119 uzyska\u0142 w 1969. W latach 1971-1973 by\u0142 kierownikiem Zak\u0142adu Prakseologii Polskiej Akademii Nauk. Nast\u0119pnie by\u0142 kierownikiem Zak\u0142adu Teorii Organizacji Instytutu Organizacji i Kierowania Uniwersytetu Warszawskiego i Polskiej Akademii Nauk (od 1977 Wydzia\u0142 Zarz\u0105dzania Uniwersytetu Warszawskiego). W 1975 uzyska\u0142 tytu\u0142 naukowy profesora. W latach 70. prowadzi\u0142 wyk\u0142ady z zakresu zarz\u0105dzania i administracji w Wy\u017cszej Szkole Nauk Spo\u0142ecznych; od roku 1980 wyk\u0142ada\u0142 za granic\u0105, m.in. na Temple University w Filadelfii i na Uniwersytecie w Montrealu. W 1995 zosta\u0142 profesorem Akademii Leona Ko\u017ami\u0144skiego. Wyk\u0142ada\u0142 tak\u017ce m.in. w Wy\u017cszej Szkole Humanistycznej w Pu\u0142tusku. By\u0142 cz\u0142onkiem honorowym PAN. Doktor honoris causa Akademii Leona Ko\u017ami\u0144skiego, Akademii Obrony Narodowej, Uniwersytetu Jagiello\u0144skiego i Katolickiego Uniwersytetu Lubelskiego Jana Paw\u0142a II. Wyr\u00f3\u017cniony licznymi odznaczeniami pa\u0144stwowymi.<br>Cze\u015b\u0107 Jego pami\u0119ci! <\/p>\n\n\n\n<p>Wi\u0119cej o \u017cyciu i dzia\u0142alno\u015bci powsta\u0144czej Profesora Kie\u017cuna mo\u017cna przeczyta\u0107 na stronie <a href=\"https:\/\/www.1944.pl\/archiwum-historii-mowionej\/witold-kiezun,495.html\">Muzeum Powstania Warszawskiego<\/a>. <\/p>\n\n\n\n<p>Warto tak\u017ce pos\u0142ucha\u0107 <a href=\"https:\/\/www.polskieradio.pl\/9\/1363\/Artykul\/589127,Witold-Kiezun-Jestem-dzieckiem-szczescia\">wspomnie\u0144 Profesora &#8220;Jestem dzieckiem szcz\u0119\u015bcia&#8221;<\/a> nagranych w 2012 roku dla Polskiego Radia.<\/p>\n\n\n\n<p><a href=\"https:\/\/vlo.edu.pl\/starsze-aktualnosci\/wp-content\/uploads\/2020\/04\/G%C5%82os_Poniat%C3%B3wki_2018_R.-III.pdf\">Wspomnienia o Poniat\u00f3wce<\/a> publikowali\u015bmy w jubileuszowym &#8220;G\u0142osie Poniat\u00f3wki&#8221; 2018, nr 3:<\/p>\n\n\n\n<p><br> <\/p>\n","protected":false},"excerpt":{"rendered":"<p>13 czerwca 2021 roku w wieku 99 lat odszed\u0142 prof. Witold Kie\u017cun, wybitny ekonomista, \u017co\u0142nierz AK, uczestnik Powstania Warszawskiego, jeden z najwybitniejszych absolwent\u00f3w V Liceum Ksi\u0119cia J\u00f3zefa Poniatowskiego w Warszawie, w kt\u00f3rym w 1939 roku zda\u0142 matur\u0119. W czasie okupacji uko\u0144czy\u0142 studia w Szkole Budowy Maszyn i Elektrotechniki, uzyska\u0142 dyplom in\u017cyniera budowy maszyn, studiowa\u0142 tak\u017ce [&hellip;]<\/p>\n","protected":false},"author":5,"featured_media":0,"comment_status":"closed","ping_status":"closed","sticky":false,"template":"","format":"standard","meta":{"inline_featured_image":false,"ngg_post_thumbnail":0,"footnotes":""},"categories":[8],"tags":[],"class_list":["post-16666","post","type-post","status-publish","format-standard","hentry","category-wydarzenia"],"_links":{"self":[{"href":"https:\/\/vlo.edu.pl\/starsze-aktualnosci\/wp-json\/wp\/v2\/posts\/16666","targetHints":{"allow":["GET"]}}],"collection":[{"href":"https:\/\/vlo.edu.pl\/starsze-aktualnosci\/wp-json\/wp\/v2\/posts"}],"about":[{"href":"https:\/\/vlo.edu.pl\/starsze-aktualnosci\/wp-json\/wp\/v2\/types\/post"}],"author":[{"embeddable":true,"href":"https:\/\/vlo.edu.pl\/starsze-aktualnosci\/wp-json\/wp\/v2\/users\/5"}],"replies":[{"embeddable":true,"href":"https:\/\/vlo.edu.pl\/starsze-aktualnosci\/wp-json\/wp\/v2\/comments?post=16666"}],"version-history":[{"count":4,"href":"https:\/\/vlo.edu.pl\/starsze-aktualnosci\/wp-json\/wp\/v2\/posts\/16666\/revisions"}],"predecessor-version":[{"id":16674,"href":"https:\/\/vlo.edu.pl\/starsze-aktualnosci\/wp-json\/wp\/v2\/posts\/16666\/revisions\/16674"}],"wp:attachment":[{"href":"https:\/\/vlo.edu.pl\/starsze-aktualnosci\/wp-json\/wp\/v2\/media?parent=16666"}],"wp:term":[{"taxonomy":"category","embeddable":true,"href":"https:\/\/vlo.edu.pl\/starsze-aktualnosci\/wp-json\/wp\/v2\/categories?post=16666"},{"taxonomy":"post_tag","embeddable":true,"href":"https:\/\/vlo.edu.pl\/starsze-aktualnosci\/wp-json\/wp\/v2\/tags?post=16666"}],"curies":[{"name":"wp","href":"https:\/\/api.w.org\/{rel}","templated":true}]}}